[{"@context":"https:\/\/schema.org\/","@type":"Article","@id":"https:\/\/www.allambie.cz\/proc-si-nedoprat-chorvatsko-celorocne\/#Article","mainEntityOfPage":"https:\/\/www.allambie.cz\/proc-si-nedoprat-chorvatsko-celorocne\/","headline":"Pro\u010d si nedop\u0159\u00e1t Chorvatsko celoro\u010dn\u011b","name":"Pro\u010d si nedop\u0159\u00e1t Chorvatsko celoro\u010dn\u011b","description":"Kdybychom se v\u00e1s zeptali, kam byste si p\u0159\u00e1li jet v l\u00e9t\u011b na dovolenou, abyste pob\u00fdvali na mo\u0159sk\u00e9m pob\u0159e\u017e\u00ed, bylo by velmi pravd\u011bpodobn\u00e9, \u017ee by se Chorvatsko um\u00edstilo na p\u0159edn\u00edch pozic\u00edch. Kouzlu Jadranu propad\u00e1 ka\u017ed\u00fd rok mnoho n\u00e1v\u0161t\u011bvn\u00edk\u016f z na\u0161\u00ed zem\u011b a ti se pochopiteln\u011b soust\u0159ed\u00ed na vhodn\u00e9 term\u00edny, aby bylo mo\u0159e dostate\u010dn\u011b proh\u0159\u00e1t\u00e9, a aby<div class=\"theme-link-more\"><a href=\"https:\/\/www.allambie.cz\/proc-si-nedoprat-chorvatsko-celorocne\/\" class=\"theme-more-link\">Continue reading<span class=\"screen-reader-text\"> \"Pro\u010d si nedop\u0159\u00e1t Chorvatsko celoro\u010dn\u011b\"<\/span> <svg class=\"svg-icon\" aria-hidden=\"true\" role=\"img\" focusable=\"false\" xmlns=\"http:\/\/www.w3.org\/2000\/svg\" width=\"20\" height=\"20\" viewBox=\"0 0 20 20\"><path fill=\"currentColor\" d=\"M16.172 9l-6.071-6.071 1.414-1.414 8.485 8.485-8.485 8.485-1.414-1.414 6.071-6.071h-16.172v-2z\" \/><\/svg><\/a><\/div>","datePublished":"2023-11-13","dateModified":"2023-11-13","author":{"@type":"Person","@id":"https:\/\/www.allambie.cz\/author\/#Person","name":"","url":"https:\/\/www.allambie.cz\/author\/","identifier":1,"image":{"@type":"ImageObject","@id":"https:\/\/secure.gravatar.com\/avatar\/f08fec9e5d161146672022190172bcb121f980bd7a64f251ea643f4b19d0f071?s=96&d=mm&r=g","url":"https:\/\/secure.gravatar.com\/avatar\/f08fec9e5d161146672022190172bcb121f980bd7a64f251ea643f4b19d0f071?s=96&d=mm&r=g","height":96,"width":96}},"publisher":{"@type":"Organization","name":"allambie.cz","logo":{"@type":"ImageObject","@id":"\/logo.png","url":"\/logo.png","width":600,"height":60}},"image":{"@type":"ImageObject","@id":"https:\/\/www.allambie.cz\/wp-content\/uploads\/boat-20047_640.jpg","url":"https:\/\/www.allambie.cz\/wp-content\/uploads\/boat-20047_640.jpg","height":0,"width":0},"url":"https:\/\/www.allambie.cz\/proc-si-nedoprat-chorvatsko-celorocne\/","wordCount":420,"articleBody":"   Kdybychom se v\u00e1s zeptali, kam byste si p\u0159\u00e1li jet v l\u00e9t\u011b na dovolenou, abyste pob\u00fdvali na mo\u0159sk\u00e9m pob\u0159e\u017e\u00ed, bylo by velmi pravd\u011bpodobn\u00e9, \u017ee by se Chorvatsko um\u00edstilo na p\u0159edn\u00edch pozic\u00edch. Kouzlu Jadranu propad\u00e1 ka\u017ed\u00fd rok mnoho n\u00e1v\u0161t\u011bvn\u00edk\u016f z na\u0161\u00ed zem\u011b a ti se pochopiteln\u011b soust\u0159ed\u00ed na vhodn\u00e9 term\u00edny, aby bylo mo\u0159e dostate\u010dn\u011b proh\u0159\u00e1t\u00e9, a aby v\u00e1s tu zastihlo Slunce nad hlavou i p\u0159\u00edjemn\u00e9 letn\u00ed teploty.Jakmile l\u00e9to odezn\u00ed a za\u010dnou podzimn\u00ed pl\u00edskanice, vrac\u00edme se zas k obvykl\u00e9mu sc\u00e9n\u00e1\u0159i ka\u017edodenn\u00edho \u017eivota a pro\u017e\u00edv\u00e1me jej v na\u0161ich kon\u010din\u00e1ch, sm\u00ed\u0159eni s dlouh\u00fdm obdob\u00edm chladn\u00e9ho podzimu a ledov\u00e9 zimy. Teprve zas na ja\u0159e se probouz\u00edme ze zimn\u00ed letargie, a pokud si alespo\u0148 na t\u00fdden neo\u017eiv\u00edme zimn\u00ed pobyt v hor\u00e1ch v ly\u017ea\u0159sk\u00e9m ter\u00e9nu, je to tu docela nuda \u2013 stromy bez list\u00ed, \u0161ed\u00e1 krajina a hlavn\u011b nep\u0159\u00edjemn\u00fd chlad, kdy se st\u00e1le mus\u00edme obl\u00e9kat do tepl\u00fdch pono\u017eek a rukavic.Nechcete to zm\u011bnit? M\u00e1te-li mo\u017enost zakoupit v Chorvatsku apartm\u00e1n, nab\u00edz\u00ed se tu pob\u00fdvat nejen p\u0159es podzimn\u00ed pr\u00e1zdniny v Chorvatsku, ale i celoro\u010dn\u011b a p\u0159estat se orientovat na ledov\u00e9 kr\u00e1lovstv\u00ed m\u00edrn\u00e9ho p\u00e1sma st\u0159edu Evropy. V Chorvatsku jsou zimy velmi m\u00edrn\u00e9, m\u00e1lokdy mraziv\u00e9, a p\u0159\u00edmo\u0159sk\u00e9 ovzdu\u0161\u00ed v\u00e1m prosp\u011bje mnohem v\u00edc, ne\u017e m\u011bstsk\u00fd smog, jeho\u017e p\u0159evahu tvo\u0159\u00ed zejm\u00e9na lok\u00e1ln\u00ed topeni\u0161t\u011b a m\u011bstsk\u00e9 kotelny.V\u00fdhodou t\u00e9to subtropick\u00e9 oblasti je i m\u00edrn\u011bj\u0161\u00ed a hlavn\u011b rychlej\u0161\u00ed p\u0159echod ze zimy do l\u00e9ta. Zat\u00edmco u n\u00e1s trv\u00e1 \u0159adu t\u00fddn\u016f, ne\u017e si m\u016f\u017eeme dovolit obl\u00e9kat t\u0159\u00ed\u010dtvrte\u010dn\u00ed kalhoty a chodit venku naboso, u Jadranu si teplo u\u017eijete mnohem d\u00e9le a v intenzivn\u011bj\u0161\u00edm rozsahu. Nebude to sice v dubnu na koup\u00e1n\u00ed v mo\u0159i, ale na p\u0159\u00edjemn\u00e9 jarn\u00ed proch\u00e1zky v lehk\u00e9m oble\u010den\u00ed u\u017e to bude ur\u010dit\u011b, v dubnu je tu pr\u016fm\u011brn\u00e1 denn\u00ed teplota kolem \u0161estn\u00e1cti stup\u0148\u016f Celsia, zat\u00edmco u n\u00e1s pouh\u00fdch osm stup\u0148\u016f.A nezapome\u0148te, \u017ee tepl\u00e9 zimy ve st\u0159edomo\u0159sk\u00e9 oblasti tak\u00e9 znamenaj\u00ed v\u00fdznamnou \u00fasporu financ\u00ed za vyt\u00e1p\u011bn\u00ed.                                                                                                                                                                                                                                                                                                                                                                                                  "},{"@context":"https:\/\/schema.org\/","@type":"BreadcrumbList","itemListElement":[{"@type":"ListItem","position":1,"name":"Pro\u010d si nedop\u0159\u00e1t Chorvatsko celoro\u010dn\u011b","item":"https:\/\/www.allambie.cz\/proc-si-nedoprat-chorvatsko-celorocne\/#breadcrumbitem"}]}]