[{"@context":"https:\/\/schema.org\/","@type":"Article","@id":"https:\/\/www.allambie.cz\/pece-o-detske-pradlo\/#Article","mainEntityOfPage":"https:\/\/www.allambie.cz\/pece-o-detske-pradlo\/","headline":"P\u00e9\u010de o d\u011btsk\u00e9 pr\u00e1dlo","name":"P\u00e9\u010de o d\u011btsk\u00e9 pr\u00e1dlo","description":"V\u00a0p\u00e9\u010di o d\u011btsk\u00e9 pr\u00e1dlo se v\u00a0posledn\u00edch des\u00edtk\u00e1ch let ud\u00e1la v\u00a0podstat\u011b revoluce. Zat\u00edmco d\u0159\u00edve se t\u0159eba pleny musely slo\u017eit\u011b vyv\u00e1\u0159et a ru\u010dn\u011b pr\u00e1t, dnes na to ji\u017e m\u00e1me automatick\u00e9 pra\u010dky, su\u0161i\u010dky na pr\u00e1dlo, napa\u0159ovac\u00ed \u017eehli\u010dky a jin\u00e9 vymo\u017eenosti. Jak o d\u011btsk\u00e9 pr\u00e1dlo pe\u010dovat? 1.\u00a0\u00a0\u00a0\u00a0\u00a0 \u0160etrn\u00e9 prac\u00ed prost\u0159edky Pro pran\u00ed pr\u00e1dla, ur\u010den\u00e9ho mimink\u016fm a batolat\u016fm pou\u017e\u00edvejte \u0161etrn\u00e9<div class=\"theme-link-more\"><a href=\"https:\/\/www.allambie.cz\/pece-o-detske-pradlo\/\" class=\"theme-more-link\">Continue reading<span class=\"screen-reader-text\"> \"P\u00e9\u010de o d\u011btsk\u00e9 pr\u00e1dlo\"<\/span> <svg class=\"svg-icon\" aria-hidden=\"true\" role=\"img\" focusable=\"false\" xmlns=\"http:\/\/www.w3.org\/2000\/svg\" width=\"20\" height=\"20\" viewBox=\"0 0 20 20\"><path fill=\"currentColor\" d=\"M16.172 9l-6.071-6.071 1.414-1.414 8.485 8.485-8.485 8.485-1.414-1.414 6.071-6.071h-16.172v-2z\" \/><\/svg><\/a><\/div>","datePublished":"2019-06-08","dateModified":"2023-04-29","author":{"@type":"Person","@id":"https:\/\/www.allambie.cz\/author\/#Person","name":"","url":"https:\/\/www.allambie.cz\/author\/","identifier":1,"image":{"@type":"ImageObject","@id":"https:\/\/secure.gravatar.com\/avatar\/f08fec9e5d161146672022190172bcb121f980bd7a64f251ea643f4b19d0f071?s=96&d=mm&r=g","url":"https:\/\/secure.gravatar.com\/avatar\/f08fec9e5d161146672022190172bcb121f980bd7a64f251ea643f4b19d0f071?s=96&d=mm&r=g","height":96,"width":96}},"publisher":{"@type":"Organization","name":"allambie.cz","logo":{"@type":"ImageObject","@id":"\/logo.png","url":"\/logo.png","width":600,"height":60}},"image":{"@type":"ImageObject","@id":"https:\/\/www.allambie.cz\/wp-content\/uploads\/img_a346182_w2637_t1560080018.jpg","url":"https:\/\/www.allambie.cz\/wp-content\/uploads\/img_a346182_w2637_t1560080018.jpg","height":0,"width":0},"url":"https:\/\/www.allambie.cz\/pece-o-detske-pradlo\/","about":["D\u011bti"],"wordCount":431,"articleBody":"V\u00a0p\u00e9\u010di o d\u011btsk\u00e9 pr\u00e1dlo se v\u00a0posledn\u00edch des\u00edtk\u00e1ch let ud\u00e1la v\u00a0podstat\u011b revoluce. Zat\u00edmco d\u0159\u00edve se t\u0159eba pleny musely slo\u017eit\u011b vyv\u00e1\u0159et a ru\u010dn\u011b pr\u00e1t, dnes na to ji\u017e m\u00e1me automatick\u00e9 pra\u010dky, su\u0161i\u010dky na pr\u00e1dlo, napa\u0159ovac\u00ed \u017eehli\u010dky a jin\u00e9 vymo\u017eenosti. Jak o d\u011btsk\u00e9 pr\u00e1dlo pe\u010dovat?\t1.\u00a0\u00a0\u00a0\u00a0\u00a0 \u0160etrn\u00e9 prac\u00ed prost\u0159edky\tPro pran\u00ed pr\u00e1dla, ur\u010den\u00e9ho mimink\u016fm a batolat\u016fm pou\u017e\u00edvejte \u0161etrn\u00e9 prost\u0159edky, kter\u00e9 jsou neparfemovan\u00e9 a bez rozjas\u0148ova\u010d\u016f barev \u010di aviv\u00e1\u017ee. V\u0161echny tyto slo\u017eky toti\u017e mohou d\u011btsk\u00e9 pr\u00e1dlo hodn\u011b dr\u00e1\u017edit a d\u00edt\u011b z nich m\u016f\u017ee m\u00edt vyr\u00e1\u017eku. Pokud zvol\u00edte prost\u0159edek ekologick\u00fd, pak jenom dob\u0159e.\t2.\u00a0\u00a0\u00a0\u00a0\u00a0 Jak na skvrny?\tNa odstra\u0148ov\u00e1n\u00ed skvrn je dnes na trhu velk\u00e9 mno\u017estv\u00ed prost\u0159edk\u016f, kter\u00e9 jsou v\u00edce \u010di m\u00e9n\u011b chemick\u00e9 a maj\u00ed samoz\u0159ejm\u011b i r\u016fzn\u00e9 ceny. Pou\u017e\u00edt m\u016f\u017eete r\u016fzn\u00e9 agenty, pr\u00e1\u0161ky, wanishe a tak d\u00e1le. N\u00e1m se ale osv\u011bd\u010dilo p\u0159edev\u0161\u00edm oby\u010dejn\u00e9 \u017elu\u010dov\u00e9 m\u00fddlo, kter\u00e9 je p\u0159\u00edrodn\u00ed a se skvrnami si opravdu porad\u00ed. Pokud m\u00e1te v\u00a0pl\u00e1nu l\u00e1tkovat a budete tedy pr\u00e1t i pot\u0159\u00edsn\u011bn\u00e9 pleny, opravdu n\u011bjak\u00fd prost\u0159edek na skvrny ocen\u00edte.\t\t3.\u00a0\u00a0\u00a0\u00a0\u00a0 \u017dehlit?\tJe nutn\u00e9 ty mali\u010dk\u00e9 kousky oble\u010den\u00ed \u017eehlit? Po pravd\u011b \u0159e\u010deno, nutn\u00e9 to samoz\u0159ejm\u011b nen\u00ed, d\u0159\u00edve se \u017eehlilo p\u0159edev\u0161\u00edm proto, aby se z\u00a0oble\u010den\u00ed odstranily choroboplodn\u00e9 z\u00e1rodky a bakterie. V\u00a0sou\u010dasn\u00e9 dob\u011b v\u0161ak tyto nep\u0159\u00e1tele zni\u010d\u00ed u\u017e pra\u010dka a prac\u00ed pr\u00e1\u0161ek\/gel. Pokud v\u0161ak nem\u00e1te su\u0161i\u010dku, a chcete, aby oble\u010den\u00ed trochu vypadalo a nebylo neust\u00e1le poma\u010dkan\u00e9, pak se budete muset pustit do boje se \u017eehli\u010dkou. Dobr\u00e9 je tak\u00e9 zm\u00ednit, \u017ee d\u00edky \u017eehlen\u00ed je tak\u00e9 jednodu\u0161\u0161\u00ed obl\u00e9k\u00e1n\u00ed miminka \u2013 oble\u010den\u00ed nen\u00ed pokr\u010den\u00e9 a l\u00e9pe se miminku oble\u010de.\t4.\u00a0\u00a0\u00a0\u00a0\u00a0 Uchov\u00e1v\u00e1n\u00ed oble\u010den\u00ed\tKam oble\u010den\u00ed d\u00e1vat? V\u011bt\u0161inou je nejlep\u0161\u00ed po\u0159\u00eddit si do d\u011btsk\u00e9ho pokoje n\u011bjakou komodu na d\u011btsk\u00e9 oble\u010den\u00ed. Zpo\u010d\u00e1tku to \u00fapln\u011b sta\u010d\u00ed, oble\u010den\u00ed se do takov\u00e9 sk\u0159\u00edn\u011b vleze bez probl\u00e9mu a nebude v\u00e1m v\u00a0pokoji hned zavazet sk\u0159\u00ed\u0148. Tu si m\u016f\u017eete po\u0159\u00eddit pozd\u011bji \u2013 a\u017e budou d\u011bti trochu v\u011bt\u0161\u00ed a budou pot\u0159ebovat v\u00edce v\u011bc\u00ed.                                                                                                                                                                                                                                                                                                                                                                                                "},{"@context":"https:\/\/schema.org\/","@type":"BreadcrumbList","itemListElement":[{"@type":"ListItem","position":1,"name":"P\u00e9\u010de o d\u011btsk\u00e9 pr\u00e1dlo","item":"https:\/\/www.allambie.cz\/pece-o-detske-pradlo\/#breadcrumbitem"}]}]