[{"@context":"https:\/\/schema.org\/","@type":"Article","@id":"https:\/\/www.allambie.cz\/pak-to-spravi-pujcka\/#Article","mainEntityOfPage":"https:\/\/www.allambie.cz\/pak-to-spravi-pujcka\/","headline":"Pak to sprav\u00ed p\u016fj\u010dka","name":"Pak to sprav\u00ed p\u016fj\u010dka","description":"Kdo jsou to soukrom\u00ed podnikatel\u00e9? To jsou jak zn\u00e1mo lid\u00e9, kte\u0159\u00ed se v\u011bnuj\u00ed sv\u00e9 v\u00fdd\u011ble\u010dn\u00e9 \u010dinnosti takzvan\u011b na vlastn\u00ed p\u011bst. Nikdo jim ne\u0159\u00edk\u00e1, co maj\u00ed d\u011blat a jak to maj\u00ed d\u011blat, nikdo nekontroluje, kdy p\u0159ijdou do pr\u00e1ce a kdy z n\u00ed odch\u00e1zej\u00ed, a nikdo jim vlastn\u011b ani nestanovuje, kolik za tuto svou pr\u00e1ci dostanou pen\u011bz.<div class=\"theme-link-more\"><a href=\"https:\/\/www.allambie.cz\/pak-to-spravi-pujcka\/\" class=\"theme-more-link\">Continue reading<span class=\"screen-reader-text\"> \"Pak to sprav\u00ed p\u016fj\u010dka\"<\/span> <svg class=\"svg-icon\" aria-hidden=\"true\" role=\"img\" focusable=\"false\" xmlns=\"http:\/\/www.w3.org\/2000\/svg\" width=\"20\" height=\"20\" viewBox=\"0 0 20 20\"><path fill=\"currentColor\" d=\"M16.172 9l-6.071-6.071 1.414-1.414 8.485 8.485-8.485 8.485-1.414-1.414 6.071-6.071h-16.172v-2z\" \/><\/svg><\/a><\/div>","datePublished":"2021-03-19","dateModified":"2023-04-29","author":{"@type":"Person","@id":"https:\/\/www.allambie.cz\/author\/#Person","name":"","url":"https:\/\/www.allambie.cz\/author\/","identifier":1,"image":{"@type":"ImageObject","@id":"https:\/\/secure.gravatar.com\/avatar\/f08fec9e5d161146672022190172bcb121f980bd7a64f251ea643f4b19d0f071?s=96&d=mm&r=g","url":"https:\/\/secure.gravatar.com\/avatar\/f08fec9e5d161146672022190172bcb121f980bd7a64f251ea643f4b19d0f071?s=96&d=mm&r=g","height":96,"width":96}},"publisher":{"@type":"Organization","name":"allambie.cz","logo":{"@type":"ImageObject","@id":"\/logo.png","url":"\/logo.png","width":600,"height":60}},"image":{"@type":"ImageObject","@id":"https:\/\/www.allambie.cz\/wp-content\/uploads\/eura%20pen%C3%ADze_10_10_4.jpg","url":"https:\/\/www.allambie.cz\/wp-content\/uploads\/eura%20pen%C3%ADze_10_10_4.jpg","height":0,"width":0},"url":"https:\/\/www.allambie.cz\/pak-to-spravi-pujcka\/","about":["Pen\u00edze"],"wordCount":444,"articleBody":"      Kdo jsou to soukrom\u00ed podnikatel\u00e9? To jsou jak zn\u00e1mo lid\u00e9, kte\u0159\u00ed se v\u011bnuj\u00ed sv\u00e9 v\u00fdd\u011ble\u010dn\u00e9 \u010dinnosti takzvan\u011b na vlastn\u00ed p\u011bst. Nikdo jim ne\u0159\u00edk\u00e1, co maj\u00ed d\u011blat a jak to maj\u00ed d\u011blat, nikdo nekontroluje, kdy p\u0159ijdou do pr\u00e1ce a kdy z n\u00ed odch\u00e1zej\u00ed, a nikdo jim vlastn\u011b ani nestanovuje, kolik za tuto svou pr\u00e1ci dostanou pen\u011bz. Co\u017e je dobr\u00e9 tehdy, kdy\u017e se takov\u00e9mu \u010dlov\u011bku da\u0159\u00ed, ale pochopiteln\u011b nep\u0159\u00edjemn\u00e9, kdy\u017e se da\u0159it p\u0159estane. Proto\u017ee je soukrom\u00fd podnikatel jak na sv\u00e9 \u00fasp\u011bchy, tak i na sv\u00e9 ne\u00fasp\u011bchy s\u00e1m. Nem\u016f\u017ee po\u010d\u00edtat s t\u00edm, \u017ee tu za n\u011bj n\u011bkdo n\u011bco za\u0159\u00edd\u00ed, \u017ee tu n\u011bkdo zaplat\u00ed jeho p\u0159\u00edpadn\u00fd prod\u011blek.Soukrom\u00e9 podnik\u00e1n\u00ed je prost\u011b risk. A by\u0165 se traduje, \u017ee risk je zisk, ne v\u017edy je tomu tak. Nejednou se m\u016f\u017ee takov\u00fd podnikatel sna\u017eit t\u0159eba i sebev\u00edc, ale p\u0159esto neusp\u011bje, neda\u0159\u00ed se mu. N\u011bkdy pochyb\u00ed on, n\u011bkdy mu nad\u011blaj\u00ed pot\u00ed\u017ee jeho odb\u011bratel\u00e9, dodavatel\u00e9 nebo klidn\u011b i tat\u00ed\u010dek st\u00e1t.A co d\u011blat, kdy\u017e se v podnik\u00e1n\u00ed p\u0159estane da\u0159it? V takov\u00e9 situaci se to n\u011bkdy zvl\u00e1dne \u00fasporn\u011bj\u0161\u00edm re\u017eimem, n\u011bkdy zv\u00fd\u0161en\u00fdm pracovn\u00edm nasazen\u00edm. Ale n\u011bkdy u\u017e nepom\u016f\u017ee ani to a pak p\u0159ich\u00e1zej\u00ed ke slovu p\u016fj\u010dky.Vz\u00edt si podnikatelskou p\u016fj\u010dku v dob\u00e1ch, kdy se takov\u00e9mu soukromn\u00edkovi da\u0159\u00ed skv\u011ble, neb\u00fdv\u00e1 probl\u00e9m. Ale kdy\u017e se mu p\u0159estane da\u0159it, je r\u00e1zem v\u0161echno jinak. R\u00e1zem se od doty\u010dn\u00e9ho v\u011bt\u0161ina finan\u010dn\u00edch instituc\u00ed odvrac\u00ed a nechce s n\u00edm nic m\u00edt. Proto\u017ee ten, kdo nem\u00e1 dostate\u010dn\u00e9 p\u0159\u00edjmy a koho nav\u00edc zneva\u017euj\u00ed z\u00e1znamy v registrech dlu\u017en\u00edk\u016f, nevzbuzuje d\u016fv\u011bru.Ale i n\u011bkdo takov\u00fd nakonec p\u016fj\u010dku se\u017eene. Proto\u017ee je tu i americk\u00e1 hypot\u00e9ka bez registru, jej\u00ed\u017e p\u0159ednost\u00ed je to, \u017ee se tu vr\u00e1cen\u00ed p\u016fj\u010den\u00fdch pen\u011bz zaru\u010duje z\u00e1stavou podnikatelovy nemovitosti. A takov\u00e1 nemovitost je pochopiteln\u011b dost v\u00fdznamnou z\u00e1rukou, umo\u017e\u0148uj\u00edc\u00ed p\u0159imhou\u0159it oko t\u0159eba i nad nevaln\u011b vypadaj\u00edc\u00edm da\u0148ov\u00fdm p\u0159izn\u00e1n\u00edm, n\u011bjak\u00fdm z\u00e1znamem v registrech dlu\u017en\u00edk\u016f, ba i exekucemi. A tak tu usp\u011bje kdekdo, i ten, kdo by v bance nem\u011bl nad\u011bji.                                                                                                                                                                                                                                                                                                                                                                                                  "},{"@context":"https:\/\/schema.org\/","@type":"BreadcrumbList","itemListElement":[{"@type":"ListItem","position":1,"name":"Pak to sprav\u00ed p\u016fj\u010dka","item":"https:\/\/www.allambie.cz\/pak-to-spravi-pujcka\/#breadcrumbitem"}]}]