[{"@context":"https:\/\/schema.org\/","@type":"Article","@id":"https:\/\/www.allambie.cz\/mala-garsonka\/#Article","mainEntityOfPage":"https:\/\/www.allambie.cz\/mala-garsonka\/","headline":"Mal\u00e1 garsonka","name":"Mal\u00e1 garsonka","description":"J\u00e1 jsem si v\u017edycky p\u0159\u00e1la bydlet v n\u011bjak\u00e9m velik\u00e9m byt\u011b. Proto\u017ee jsem vyr\u016fstala s celou rodinou v mal\u00e9m byt\u011b. Pozd\u011bji jsem se dozv\u011bd\u011bla, \u017ee to vlastn\u011b byla takov\u00e1 1 pokojov\u00e1 garsonka. J\u00e1 bych v\u00e1m cht\u011bla popsat, jak vypad\u00e1 opravdu mal\u00e1 garsonka. Je to jedna\u00a0takov\u00e1 velik\u00e1 m\u00edstnost. M\u00e1 to t\u0159eba jenom t\u0159icet metr\u016f\u00a0\u010dtvere\u010dn\u00fdch. A tam jednodu\u0161e<div class=\"theme-link-more\"><a href=\"https:\/\/www.allambie.cz\/mala-garsonka\/\" class=\"theme-more-link\">Continue reading<span class=\"screen-reader-text\"> \"Mal\u00e1 garsonka\"<\/span> <svg class=\"svg-icon\" aria-hidden=\"true\" role=\"img\" focusable=\"false\" xmlns=\"http:\/\/www.w3.org\/2000\/svg\" width=\"20\" height=\"20\" viewBox=\"0 0 20 20\"><path fill=\"currentColor\" d=\"M16.172 9l-6.071-6.071 1.414-1.414 8.485 8.485-8.485 8.485-1.414-1.414 6.071-6.071h-16.172v-2z\" \/><\/svg><\/a><\/div>","datePublished":"2024-09-30","dateModified":"2024-09-30","author":{"@type":"Person","@id":"https:\/\/www.allambie.cz\/author\/#Person","name":"","url":"https:\/\/www.allambie.cz\/author\/","identifier":1,"image":{"@type":"ImageObject","@id":"https:\/\/secure.gravatar.com\/avatar\/f08fec9e5d161146672022190172bcb121f980bd7a64f251ea643f4b19d0f071?s=96&d=mm&r=g","url":"https:\/\/secure.gravatar.com\/avatar\/f08fec9e5d161146672022190172bcb121f980bd7a64f251ea643f4b19d0f071?s=96&d=mm&r=g","height":96,"width":96}},"publisher":{"@type":"Organization","name":"allambie.cz","logo":{"@type":"ImageObject","@id":"\/logo.png","url":"\/logo.png","width":600,"height":60}},"image":{"@type":"ImageObject","@id":"https:\/\/www.allambie.cz\/wp-content\/uploads\/luxury-suite-4720815_1280.jpg","url":"https:\/\/www.allambie.cz\/wp-content\/uploads\/luxury-suite-4720815_1280.jpg","height":0,"width":0},"url":"https:\/\/www.allambie.cz\/mala-garsonka\/","about":["D\u016fm a byt"],"wordCount":428,"articleBody":"J\u00e1 jsem si v\u017edycky p\u0159\u00e1la bydlet v n\u011bjak\u00e9m velik\u00e9m byt\u011b. Proto\u017ee jsem vyr\u016fstala s celou rodinou v mal\u00e9m byt\u011b. Pozd\u011bji jsem se dozv\u011bd\u011bla, \u017ee to vlastn\u011b byla takov\u00e1 1 pokojov\u00e1 garsonka. J\u00e1 bych v\u00e1m cht\u011bla popsat, jak vypad\u00e1 opravdu mal\u00e1 garsonka. Je to jedna\u00a0takov\u00e1 velik\u00e1 m\u00edstnost. M\u00e1 to t\u0159eba jenom t\u0159icet metr\u016f\u00a0\u010dtvere\u010dn\u00fdch. A tam jednodu\u0161e v t\u00e9to m\u00edstnosti m\u00e1te jak kuchy\u0148, tak ob\u00fdv\u00e1k tak tak\u00e9 lo\u017enici, anebo p\u0159\u00edpadn\u011b tak\u00e9 d\u011btsk\u00fd pokoj. Dok\u00e1\u017eete si tohle p\u0159edstavit, kdy\u017e v\u00e1s tam \u017eije t\u0159eba p\u011bt\u00a0lid\u00ed? Je to opravdu hrozn\u00e9, v\u016fbec jsem nev\u011bd\u011bla, co m\u00e1m d\u011blat.Tam v\u016fbec nep\u0159ipad\u00e1 v \u00favahu, \u017ee byste m\u011bli n\u011bjak\u00e9 soukrom\u00ed. Dokonce i v\u00e1\u0161 sprchov\u00fd kout a toaleta jde vid\u011bt. Sprchov\u00fd kout a toaleta je schov\u00e1n jenom za n\u011bjakou \u0159\u00edmsou nebo za n\u011bjak\u00fdm z\u00e1v\u011bsem. Tak\u017ee n\u011bjak\u00e9 soukrom\u00ed tam v\u016fbec nen\u00ed? Tak\u00e9 jsme m\u011bli od rodi\u010d\u016f, z\u00e1kaz si tam vodit kamar\u00e1dy, proto\u017ee je logick\u00e9, \u017ee zase tam nem\u016f\u017ee b\u00fdt tolik lid\u00ed. V\u016fbec tam nen\u00ed dostatek m\u00edsta j\u00e1 s bratrem a se sestrou jsme pr\u00e1v\u011b spali na nafukovac\u00edch matrac\u00edch. A rodi\u010de si v\u017edycky rozt\u00e1hli gau\u010d, opravdu ani \u017e\u00e1dn\u00e1\u00a0postel se tam nedostala. Postel tam jednodu\u0161e ne\u0161la. Dokonce psac\u00ed st\u016fl na \u0161koln\u00ed \u00fakoly jsme m\u011bli pouze jenom. A taky jsem si \u0159ekla, \u017ee v budoucnu v mal\u00e9m byt\u011b nebo v garsonce \u017e\u00edt u\u017e nikdy v \u017eivot\u011b nechci. Cht\u011bla bych m\u00edt alespo\u0148 \u010dty\u0159pokojov\u00fd byt. A\u017e budu m\u00edt partnera, tak se s n\u00edm domluv\u00edm. Opravdu by m\u011b trefil \u0161lak, kdyby mi \u0159ekl, \u017ee aby partnerovi sta\u010dila n\u011bjak\u00e1 mal\u00e1 garsonka? S n\u00ed bych se rozhodn\u011b roze\u0161la, proto\u017ee u\u017e si to nechci p\u0159edstavit, \u017ee bych zase m\u011bla st\u00edsn\u011bn\u00fd prostor. Mo\u017en\u00e1 bych garsonku je\u0161t\u011b cht\u011bla, kdybychom tam byli pouze jenom my dva. Ale kdybychom cht\u011bli zalo\u017eit rodinu, tak bych rozhodn\u011b malou st\u00edsn\u011bnou garsonku nebo mal\u00fd byt v\u016fbec necht\u011bla. Takov\u00fd byt bych cht\u011bla, aby tam ka\u017ed\u00fd m\u011bl sv\u00e9 soukrom\u00ed, aby tam ka\u017ed\u00fd m\u011bl sv\u016fj koutek, aby ka\u017ed\u00fd m\u011bl svou postel a tak\u00e9 psac\u00ed st\u016fl, aby kuchy\u0148 byla zvl\u00e1\u0161\u0165 s ob\u00fdvac\u00edm pokojem.\u00a0                                                                                                                                                                                                                                                                                                                                                                                                "},{"@context":"https:\/\/schema.org\/","@type":"BreadcrumbList","itemListElement":[{"@type":"ListItem","position":1,"name":"Mal\u00e1 garsonka","item":"https:\/\/www.allambie.cz\/mala-garsonka\/#breadcrumbitem"}]}]