[{"@context":"https:\/\/schema.org\/","@type":"Article","@id":"https:\/\/www.allambie.cz\/i-muzi-maji-sve-problemy\/#Article","mainEntityOfPage":"https:\/\/www.allambie.cz\/i-muzi-maji-sve-problemy\/","headline":"I mu\u017ei maj\u00ed sv\u00e9 probl\u00e9my","name":"I mu\u017ei maj\u00ed sv\u00e9 probl\u00e9my","description":"Jen se o nich nemluv\u00ed tak \u010dasto, jako o \u017eensk\u00fdch probl\u00e9mech. Z\u0159ejm\u011b proto, \u017ee n\u011b\u017en\u00e1 polovina lidstva proch\u00e1z\u00ed menopauzou jako dal\u0161\u00edm \u017eivotn\u00edm \u00fasekem, kter\u00fd zkr\u00e1tka rozeb\u00edraj\u00ed v\u0161ichni. Ov\u0161em i u mu\u017e\u016f existuje tak zvan\u00fd p\u0159echod, kter\u00fd si samoz\u0159ejm\u011b necht\u011bj\u00ed v\u00a0prv\u00e9 \u0159ad\u011b v\u016fbec p\u0159ipustit. P\u0159irozen\u00e1 fyzick\u00e1 zdatnost a celkov\u011b schopnost sebev\u011bdom\u011b \u010delit ka\u017edodenn\u00edm n\u00e1strah\u00e1m je zkr\u00e1tka<div class=\"theme-link-more\"><a href=\"https:\/\/www.allambie.cz\/i-muzi-maji-sve-problemy\/\" class=\"theme-more-link\">Continue reading<span class=\"screen-reader-text\"> \"I mu\u017ei maj\u00ed sv\u00e9 probl\u00e9my\"<\/span> <svg class=\"svg-icon\" aria-hidden=\"true\" role=\"img\" focusable=\"false\" xmlns=\"http:\/\/www.w3.org\/2000\/svg\" width=\"20\" height=\"20\" viewBox=\"0 0 20 20\"><path fill=\"currentColor\" d=\"M16.172 9l-6.071-6.071 1.414-1.414 8.485 8.485-8.485 8.485-1.414-1.414 6.071-6.071h-16.172v-2z\" \/><\/svg><\/a><\/div>","datePublished":"2018-08-24","dateModified":"2023-04-29","author":{"@type":"Person","@id":"https:\/\/www.allambie.cz\/author\/#Person","name":"","url":"https:\/\/www.allambie.cz\/author\/","identifier":1,"image":{"@type":"ImageObject","@id":"https:\/\/secure.gravatar.com\/avatar\/f08fec9e5d161146672022190172bcb121f980bd7a64f251ea643f4b19d0f071?s=96&d=mm&r=g","url":"https:\/\/secure.gravatar.com\/avatar\/f08fec9e5d161146672022190172bcb121f980bd7a64f251ea643f4b19d0f071?s=96&d=mm&r=g","height":96,"width":96}},"publisher":{"@type":"Organization","name":"allambie.cz","logo":{"@type":"ImageObject","@id":"\/logo.png","url":"\/logo.png","width":600,"height":60}},"image":{"@type":"ImageObject","@id":"https:\/\/www.allambie.cz\/wp-content\/uploads\/img_a322406_w2637_t1534063309.jpg","url":"https:\/\/www.allambie.cz\/wp-content\/uploads\/img_a322406_w2637_t1534063309.jpg","height":0,"width":0},"url":"https:\/\/www.allambie.cz\/i-muzi-maji-sve-problemy\/","about":["Produkty"],"wordCount":477,"articleBody":"Jen se o nich nemluv\u00ed tak \u010dasto, jako o \u017eensk\u00fdch probl\u00e9mech. Z\u0159ejm\u011b proto, \u017ee n\u011b\u017en\u00e1 polovina lidstva proch\u00e1z\u00ed menopauzou jako dal\u0161\u00edm \u017eivotn\u00edm \u00fasekem, kter\u00fd zkr\u00e1tka rozeb\u00edraj\u00ed v\u0161ichni. Ov\u0161em i u mu\u017e\u016f existuje tak zvan\u00fd p\u0159echod, kter\u00fd si samoz\u0159ejm\u011b necht\u011bj\u00ed v\u00a0prv\u00e9 \u0159ad\u011b v\u016fbec p\u0159ipustit. P\u0159irozen\u00e1 fyzick\u00e1 zdatnost a celkov\u011b schopnost sebev\u011bdom\u011b \u010delit ka\u017edodenn\u00edm n\u00e1strah\u00e1m je zkr\u00e1tka mu\u017e\u016fm vlastn\u00ed. Ale ani je nemine \u0159\u00eddnut\u00ed vlas\u016f, v\u011bt\u0161\u00ed mno\u017estv\u00ed vr\u00e1sek, ustupuj\u00edc\u00ed s\u00edla jak fyzick\u00e1, tak sexu\u00e1ln\u00ed. Ov\u0161em to s\u00a0nejednou mu\u017eskou populac\u00ed p\u011bkn\u011b zam\u00e1v\u00e1. Pot\u00ed\u017e\u00ed a n\u00e1strah na n\u011b toti\u017e \u010dek\u00e1 tak\u00e9 pom\u011brn\u011b velk\u00e9 mno\u017estv\u00ed. Proti n\u011bkter\u00fdm se d\u00e1 bojovat i p\u0159\u00edrodn\u00ed cestou, kdy nemus\u00ed \u0159e\u0161it ur\u010dit\u011b probl\u00e9my chemi\u00ed.\tProbl\u00e9my s\u00a0prostatouJej\u00ed spr\u00e1vn\u00e9 fungov\u00e1n\u00ed je velmi d\u016fle\u017eit\u00e9. Bohu\u017eel se prvotn\u00ed p\u0159\u00edznaky zanedb\u00e1vaj\u00ed, a\u017e dok\u00e1\u017eou vy\u00fastit ve velk\u00fd probl\u00e9m, proto se d\u00e1 \u0159\u00edci, \u017ee zv\u011bt\u0161en\u00e1 prostata je skute\u010dn\u011b probl\u00e9m v\u011bt\u0161iny mu\u017e\u016f. Prostata neboli p\u0159edstojn\u00e1 \u017el\u00e1za je kl\u00ed\u010dov\u00e1 pro bezprobl\u00e9mov\u00e9 mo\u010den\u00ed, tud\u00ed\u017e vylu\u010dov\u00e1n\u00ed \u0161kodliv\u00fdch l\u00e1tek z\u00a0t\u011bla, ale tak\u00e9 z\u00e1rove\u0148 hraje svoji roli ve tvorb\u011b ejakula\u010dn\u00ed tekutiny. Pokud se zeslabuje proud mo\u010di nebo se zjist\u00ed n\u011bjak\u00e1 jin\u00e1 odchylka, kter\u00e1 se doposud neprojevila, tak je mo\u017en\u00e9, \u017ee do\u0161lo k\u00a0jej\u00edmu ne\u017e\u00e1douc\u00edmu zv\u011bt\u0161en\u00ed. Ne\u017e za\u010dnete polykat r\u016fzn\u00e9 pilulky, vyzkou\u0161ejte p\u0159\u00edrodn\u00ed cestu, kter\u00e1 je \u0161etrn\u00e1 pro v\u00e1\u0161 organismus.\tZ\u00e1klady l\u00e9\u010dby jsou ve spr\u00e1vn\u00e9 \u017eivotospr\u00e1v\u011bJe to tak, zkr\u00e1tka t\u011blo je chr\u00e1m, kter\u00fd n\u00e1s chr\u00e1n\u00ed a tak se o n\u011bj mus\u00edme tak\u00e9 dob\u0159e starat. Nep\u00edt a nekou\u0159it jsou z\u00e1kladem snad u v\u0161eho, ani zde to nebude v\u00fdjimkou. Pokud mo\u017eno, tak alespo\u0148 omezit, kdy\u017e ne \u00fapln\u011b p\u0159estat. Pravideln\u00fd pohyb, vyh\u00fdbat se stresov\u00fdm situac\u00edm a m\u00edt vyv\u00e1\u017een\u00fd j\u00eddeln\u00ed\u010dek, je dobr\u00fd z\u00e1klad.Pokud se rozhodnete pro p\u0159\u00edrodn\u00ed l\u00e9\u010dbu, tak ur\u010dit\u011b hledejte trvalku s\u00a0n\u00e1dhern\u00fdmi fialov\u00fdmi kv\u011bty, kter\u00e1 se jmenuje vrbovka malokv\u011bt\u00e1. Je skv\u011bl\u00e1 p\u0159i probl\u00e9mech s\u00a0prostatou, ale i ledvinami a mo\u010dov\u00fdm m\u011bch\u00fd\u0159em. Dal\u0161\u00ed bylinky, kter\u00e9 m\u016f\u017eete vyzkou\u0161et, je m\u011bs\u00ed\u010dek l\u00e9ka\u0159sk\u00fd nebo v\u00fdta\u017eky ze slivon\u011b africk\u00e9, ta nem\u00e1 samoz\u0159ejm\u011b nic spole\u010dn\u00e9ho s\u00a0klasickou slivovic\u00ed. Ve\u010der k\u00a0televizn\u00edmu po\u0159adu si m\u016f\u017eete vz\u00edt na chroup\u00e1n\u00ed d\u00fd\u0148ov\u00e1 sem\u00ednka, kter\u00e1 t\u00e9\u017e bojuj\u00ed s\u00a0probl\u00e9my prostaty.                                                                                                                                                                                                                                                                                                                                                                                                "},{"@context":"https:\/\/schema.org\/","@type":"BreadcrumbList","itemListElement":[{"@type":"ListItem","position":1,"name":"I mu\u017ei maj\u00ed sv\u00e9 probl\u00e9my","item":"https:\/\/www.allambie.cz\/i-muzi-maji-sve-problemy\/#breadcrumbitem"}]}]